{"id":12882,"date":"2024-04-18T11:16:48","date_gmt":"2024-04-18T09:16:48","guid":{"rendered":"https:\/\/ohmypress.fr\/?p=12882"},"modified":"2024-04-18T15:09:39","modified_gmt":"2024-04-18T13:09:39","slug":"limportance-de-la-liberte-de-la-presse","status":"publish","type":"post","link":"https:\/\/www.ohmypress.fr\/en\/2024\/04\/18\/limportance-de-la-liberte-de-la-presse\/","title":{"rendered":"L\u2019importance de la libert\u00e9 de la presse ?"},"content":{"rendered":"<section class=\"wpb-content-wrapper\"><div class=\"vc_empty_space\"   style=\"height: 12px\"><span class=\"vc_empty_space_inner\"><\/span><\/div>\n\t<div class=\"wpb_text_column wpb_content_element\" >\n\t\t<div class=\"wpb_wrapper\">\n\t\t\t<h2><strong>L\u2019importance de la <span style=\"color: #324e8b;\">libert\u00e9<\/span> de la presse\u00a0?<\/strong><\/h2>\n\n\t\t<\/div>\n\t<\/div>\n<div class=\"vc_empty_space\"   style=\"height: 8px\"><span class=\"vc_empty_space_inner\"><\/span><\/div><div class=\"qodef-svg-separator-holder qodef-svg-separator-small\">\n    <div class=\"qodef-svg-separator qodef-svg-frames-class\" data-svg-frames=\"15\" data-svg-drawing=\"yes\" >\n        <svg version=\"1.1\"  xmlns=\"http:\/\/www.w3.org\/2000\/svg\" xmlns:xlink=\"http:\/\/www.w3.org\/1999\/xlink\" x=\"0px\" y=\"0px\"\n            width=\"60px\" height=\"20px\" viewbox=\"0 0 60 20\" enable-background=\"new 0 0 60 20\" xml:space=\"preserve\">\n            <path fill=\"none\" stroke=\"#feea0e\" stroke-width=\"6\" stroke-linecap=\"round\" stroke-miterlimit=\"10\" d=\"M3.188,8.848 C20.521,3.89,38.313,16.66,56.813,9.473\"\/>\n        <\/svg>\n    <\/div>\n<\/div><div class=\"vc_empty_space\"   style=\"height: 14px\"><span class=\"vc_empty_space_inner\"><\/span><\/div>\n<div class=\"qodef-custom-font-holder\" style=\"font-family: Catamaran;font-size: 18px;line-height: 25px;font-weight: 600;letter-spacing: 0px;color: #505d73\" data-font-size= \"18\" data-line-height= \"25\">\n        <\/div>\n\n<!-- \/wp:post-content --><!-- wp:paragraph -->\n\nLa libert\u00e9 de la presse est bien plus qu&rsquo;un simple principe ; c&rsquo;est un pilier fondamental de la d\u00e9mocratie et un garant de la transparence, de la responsabilit\u00e9 et de la libert\u00e9 d&rsquo;expression. Dans cet article, nous allons explorer l&rsquo;importance de la libert\u00e9 de la presse dans notre soci\u00e9t\u00e9 et les d\u00e9fis auxquels elle est confront\u00e9e dans le monde d&rsquo;aujourd&rsquo;hui.\n<h4><strong>La Libert\u00e9 de la presse : qu&rsquo;est-ce que c&rsquo;est ?<\/strong><\/h4>\nLa libert\u00e9 de la presse fait r\u00e9f\u00e9rence au droit des journalistes et des m\u00e9dias \u00e0 exercer leur m\u00e9tier sans ing\u00e9rence ni contr\u00f4le excessif de la part du gouvernement ou d&rsquo;autres acteurs. Elle inclut la libert\u00e9 de rechercher, de recevoir et de diffuser des informations et des id\u00e9es de toutes sortes, sans censure ni contrainte. La libert\u00e9 de la presse est garantie par de nombreuses constitutions et conventions internationales, mais elle reste souvent menac\u00e9e dans de nombreuses r\u00e9gions du monde.\n<h4><strong>Un pilier de la d\u00e9mocratie<\/strong><\/h4>\nLa libert\u00e9 de la presse est un \u00e9l\u00e9ment essentiel de toute d\u00e9mocratie fonctionnelle. Elle permet aux m\u00e9dias d&rsquo;agir en tant que quatri\u00e8me pouvoir, surveillant les institutions gouvernementales, d\u00e9non\u00e7ant les abus de pouvoir et informant le public sur les questions d&rsquo;int\u00e9r\u00eat public. Sans une presse libre et ind\u00e9pendante, il est difficile pour les citoyens de prendre des d\u00e9cisions \u00e9clair\u00e9es et de participer pleinement \u00e0 la vie d\u00e9mocratique.\n<h4><strong>La responsabilit\u00e9 et la transparence<\/strong><\/h4>\nLa libert\u00e9 de la presse favorise \u00e9galement la responsabilit\u00e9 et la transparence au sein de la soci\u00e9t\u00e9. En exposant la corruption, les abus de pouvoir et les violations des droits de l&rsquo;homme, les m\u00e9dias jouent un r\u00f4le crucial dans la promotion de la justice et de l&rsquo;\u00e9galit\u00e9. Ils encouragent \u00e9galement les gouvernements et les institutions \u00e0 rendre des comptes pour leurs actions, ce qui contribue \u00e0 renforcer la confiance du public dans les institutions d\u00e9mocratiques.\n<h4><strong>Les d\u00e9fis de la libert\u00e9 de la presse<\/strong><\/h4>\nMalgr\u00e9 son importance, la libert\u00e9 de la presse est souvent menac\u00e9e dans de nombreuses parties du monde. Les journalistes font face \u00e0 des pressions politiques, \u00e9conomiques et sociales, allant de la censure gouvernementale \u00e0 l&rsquo;intimidation et \u00e0 la violence physique. De nombreuses lois r\u00e9pressives sur la diffamation, la s\u00e9curit\u00e9 nationale et la confidentialit\u00e9 des informations entravent \u00e9galement la libert\u00e9 d&rsquo;expression et la libert\u00e9 de la presse dans de nombreux pays.\n<h4><strong>Soutenir la libert\u00e9 de la presse<\/strong><\/h4>\nIl est crucial que les gouvernements, les organisations internationales et la soci\u00e9t\u00e9 civile travaillent ensemble pour prot\u00e9ger et promouvoir la libert\u00e9 de la presse dans le monde entier. Cela implique de cr\u00e9er un environnement propice \u00e0 la libert\u00e9 d&rsquo;expression, en garantissant la s\u00e9curit\u00e9 des journalistes, en abrogeant les lois restrictives et en encourageant la diversit\u00e9 et la pluralit\u00e9 des m\u00e9dias.\n<h4><strong>Un pilier incontournable<\/strong><\/h4>\nEn conclusion, la libert\u00e9 de la presse est un pilier incontournable de toute soci\u00e9t\u00e9 d\u00e9mocratique. Elle garantit que les citoyens ont acc\u00e8s \u00e0 une information diversifi\u00e9e, critique et impartiale, leur permettant ainsi de participer pleinement \u00e0 la vie d\u00e9mocratique. Prot\u00e9ger et promouvoir la libert\u00e9 de la presse est non seulement une obligation morale, mais aussi une n\u00e9cessit\u00e9 pour la pr\u00e9servation des valeurs d\u00e9mocratiques et des droits de l&rsquo;homme fondamentaux.\n\n<div class=\"vc_row wpb_row vc_row-fluid qodef-section vc_custom_1483618990585 qodef-content-aligment-left\" style=\"\"><div class=\"clearfix qodef-full-section-inner\"><div class=\"wpb_column vc_column_container vc_col-sm-12\"><div class=\"vc_column-inner\"><div class=\"wpb_wrapper\">\t<div class=\"qodef-call-to-action normal\">\n\n\t\t\t\t<div class=\"qodef-container-inner\">\n\t\t\t\t\t<div class=\"qodef-call-to-action-row-75-25 clearfix\" style=\"padding: 51px 0 51px 0;\">\n\t\t\t\t\t\t<div class=\"qodef-text-wrapper qodef-call-to-action-column1 qodef-call-to-action-cell\">\n\t\t\t\t\t\t\t\t\t<div class=\"qodef-call-to-action-text\" >\n<h4 style=\"font-size: 20px; font-weight: 400;\">Vous avez besoin de r\u00e9fl\u00e9chir \u00e0 votre projet de relations presse avec une \u00e9quipe r\u00e9active et sympathique. On discute ensemble ?<\/h4>\n<\/div>\n\t\t\t\t<\/div>\n\n\t\t\t\t\t\t\t\t\t<div class=\"qodef-button-wrapper qodef-call-to-action-column2 qodef-call-to-action-cell\" style =\"text-align: right ;\">\n\t\t\t\t\t\t<a itemprop=\"url\" href=\"https:\/\/www.ohmypress.fr\/en\/contact\/\" target=\"_self\" style=\"color: #ffffff;background-color: #000000;border-color: #000000\" class=\"qodef-btn qodef-btn-large qodef-btn-solid qodef-btn-custom-hover-bg qodef-btn-custom-border-hover qodef-btn-custom-hover-color qodef-btn-hover-sweep\" data-hover-bg-color=\"#324e8b\" data-hover-color=\"#ffffff\" data-hover-border-color=\"#324e8b\"  >    <span class=\"qodef-btn-text\">Prendre Rendez-Vous<\/span>                <span class=\"qodef-hover-background-holder\">\t    \t<span class=\"qodef-hover-background\"><\/span>    \t<\/span>    <\/a>\t\t\t\t\t<\/div>\n\t\t\t\t\t\t\t<\/div>\n\t\t\t\t<\/div>\n\t\t\t<\/div>\n<\/div><\/div><\/div><\/div><\/div>\n\n<!-- \/wp:paragraph --><!-- wp:paragraph -->\n\n<!-- \/wp:paragraph --><!-- wp:paragraph -->\n<p style=\"caret-color: #000000; color: #000000; font-style: normal; letter-spacing: normal; white-space: normal;\"><\/p><\/section>","protected":false},"excerpt":{"rendered":"<p>La libert\u00e9 de la presse est bien plus qu&rsquo;un simple principe ; c&rsquo;est un pilier fondamental de la d\u00e9mocratie et un garant de la transparence, de la responsabilit\u00e9 et de la libert\u00e9 d&rsquo;expression. Dans cet article, nous allons explorer l&rsquo;importance de la libert\u00e9 de la presse dans notre soci\u00e9t\u00e9 et les d\u00e9fis auxquels elle est confront\u00e9e dans le monde d&rsquo;aujourd&rsquo;hui.<\/p>","protected":false},"author":1,"featured_media":12892,"comment_status":"closed","ping_status":"closed","sticky":false,"template":"","format":"standard","meta":{"_monsterinsights_skip_tracking":false,"_monsterinsights_sitenote_active":false,"_monsterinsights_sitenote_note":"","_monsterinsights_sitenote_category":0,"footnotes":""},"categories":[1],"tags":[],"class_list":["post-12882","post","type-post","status-publish","format-standard","has-post-thumbnail","hentry","category-non-classe"],"yoast_head":"<!-- This site is optimized with the Yoast SEO plugin v27.3 - https:\/\/yoast.com\/product\/yoast-seo-wordpress\/ -->\n<title>L\u2019importance de la libert\u00e9 de la presse ? - Oh My Press<\/title>\n<meta name=\"robots\" content=\"index, follow, max-snippet:-1, max-image-preview:large, max-video-preview:-1\" \/>\n<link rel=\"canonical\" href=\"https:\/\/www.ohmypress.fr\/en\/2024\/04\/18\/limportance-de-la-liberte-de-la-presse\/\" \/>\n<meta property=\"og:locale\" content=\"en_US\" \/>\n<meta property=\"og:type\" content=\"article\" \/>\n<meta property=\"og:title\" content=\"L\u2019importance de la libert\u00e9 de la presse ? - Oh My Press\" \/>\n<meta property=\"og:description\" content=\"La libert\u00e9 de la presse est bien plus qu&#039;un simple principe ; c&#039;est un pilier fondamental de la d\u00e9mocratie et un garant de la transparence, de la responsabilit\u00e9 et de la libert\u00e9 d&#039;expression. Dans cet article, nous allons explorer l&#039;importance de la libert\u00e9 de la presse dans notre soci\u00e9t\u00e9 et les d\u00e9fis auxquels elle est confront\u00e9e dans le monde d&#039;aujourd&#039;hui.\" \/>\n<meta property=\"og:url\" content=\"https:\/\/www.ohmypress.fr\/en\/2024\/04\/18\/limportance-de-la-liberte-de-la-presse\/\" \/>\n<meta property=\"og:site_name\" content=\"Oh My Press\" \/>\n<meta property=\"article:published_time\" content=\"2024-04-18T09:16:48+00:00\" \/>\n<meta property=\"article:modified_time\" content=\"2024-04-18T13:09:39+00:00\" \/>\n<meta property=\"og:image\" content=\"https:\/\/www.ohmypress.fr\/wp-content\/uploads\/2024\/04\/ohmypress-articles-liberte-presse.jpg\" \/>\n\t<meta property=\"og:image:width\" content=\"1280\" \/>\n\t<meta property=\"og:image:height\" content=\"853\" \/>\n\t<meta property=\"og:image:type\" content=\"image\/jpeg\" \/>\n<meta name=\"author\" content=\"OMC\" \/>\n<meta name=\"twitter:card\" content=\"summary_large_image\" \/>\n<meta name=\"twitter:label1\" content=\"Written by\" \/>\n\t<meta name=\"twitter:data1\" content=\"OMC\" \/>\n\t<meta name=\"twitter:label2\" content=\"Est. reading time\" \/>\n\t<meta name=\"twitter:data2\" content=\"4 minutes\" \/>\n<script type=\"application\/ld+json\" class=\"yoast-schema-graph\">{\"@context\":\"https:\\\/\\\/schema.org\",\"@graph\":[{\"@type\":\"Article\",\"@id\":\"https:\\\/\\\/www.ohmypress.fr\\\/2024\\\/04\\\/18\\\/limportance-de-la-liberte-de-la-presse\\\/#article\",\"isPartOf\":{\"@id\":\"https:\\\/\\\/www.ohmypress.fr\\\/2024\\\/04\\\/18\\\/limportance-de-la-liberte-de-la-presse\\\/\"},\"author\":{\"name\":\"OMC\",\"@id\":\"https:\\\/\\\/www.ohmypress.fr\\\/#\\\/schema\\\/person\\\/cb8bff4191b53d11520612e4eecb0c4e\"},\"headline\":\"L\u2019importance de la libert\u00e9 de la presse ?\",\"datePublished\":\"2024-04-18T09:16:48+00:00\",\"dateModified\":\"2024-04-18T13:09:39+00:00\",\"mainEntityOfPage\":{\"@id\":\"https:\\\/\\\/www.ohmypress.fr\\\/2024\\\/04\\\/18\\\/limportance-de-la-liberte-de-la-presse\\\/\"},\"wordCount\":741,\"image\":{\"@id\":\"https:\\\/\\\/www.ohmypress.fr\\\/2024\\\/04\\\/18\\\/limportance-de-la-liberte-de-la-presse\\\/#primaryimage\"},\"thumbnailUrl\":\"https:\\\/\\\/www.ohmypress.fr\\\/wp-content\\\/uploads\\\/2024\\\/04\\\/ohmypress-articles-liberte-presse.jpg\",\"articleSection\":[\"Non class\u00e9\"],\"inLanguage\":\"en-US\"},{\"@type\":\"WebPage\",\"@id\":\"https:\\\/\\\/www.ohmypress.fr\\\/2024\\\/04\\\/18\\\/limportance-de-la-liberte-de-la-presse\\\/\",\"url\":\"https:\\\/\\\/www.ohmypress.fr\\\/2024\\\/04\\\/18\\\/limportance-de-la-liberte-de-la-presse\\\/\",\"name\":\"L\u2019importance de la libert\u00e9 de la presse ? - Oh My Press\",\"isPartOf\":{\"@id\":\"https:\\\/\\\/www.ohmypress.fr\\\/#website\"},\"primaryImageOfPage\":{\"@id\":\"https:\\\/\\\/www.ohmypress.fr\\\/2024\\\/04\\\/18\\\/limportance-de-la-liberte-de-la-presse\\\/#primaryimage\"},\"image\":{\"@id\":\"https:\\\/\\\/www.ohmypress.fr\\\/2024\\\/04\\\/18\\\/limportance-de-la-liberte-de-la-presse\\\/#primaryimage\"},\"thumbnailUrl\":\"https:\\\/\\\/www.ohmypress.fr\\\/wp-content\\\/uploads\\\/2024\\\/04\\\/ohmypress-articles-liberte-presse.jpg\",\"datePublished\":\"2024-04-18T09:16:48+00:00\",\"dateModified\":\"2024-04-18T13:09:39+00:00\",\"author\":{\"@id\":\"https:\\\/\\\/www.ohmypress.fr\\\/#\\\/schema\\\/person\\\/cb8bff4191b53d11520612e4eecb0c4e\"},\"breadcrumb\":{\"@id\":\"https:\\\/\\\/www.ohmypress.fr\\\/2024\\\/04\\\/18\\\/limportance-de-la-liberte-de-la-presse\\\/#breadcrumb\"},\"inLanguage\":\"en-US\",\"potentialAction\":[{\"@type\":\"ReadAction\",\"target\":[\"https:\\\/\\\/www.ohmypress.fr\\\/2024\\\/04\\\/18\\\/limportance-de-la-liberte-de-la-presse\\\/\"]}]},{\"@type\":\"ImageObject\",\"inLanguage\":\"en-US\",\"@id\":\"https:\\\/\\\/www.ohmypress.fr\\\/2024\\\/04\\\/18\\\/limportance-de-la-liberte-de-la-presse\\\/#primaryimage\",\"url\":\"https:\\\/\\\/www.ohmypress.fr\\\/wp-content\\\/uploads\\\/2024\\\/04\\\/ohmypress-articles-liberte-presse.jpg\",\"contentUrl\":\"https:\\\/\\\/www.ohmypress.fr\\\/wp-content\\\/uploads\\\/2024\\\/04\\\/ohmypress-articles-liberte-presse.jpg\",\"width\":1280,\"height\":853},{\"@type\":\"BreadcrumbList\",\"@id\":\"https:\\\/\\\/www.ohmypress.fr\\\/2024\\\/04\\\/18\\\/limportance-de-la-liberte-de-la-presse\\\/#breadcrumb\",\"itemListElement\":[{\"@type\":\"ListItem\",\"position\":1,\"name\":\"Accueil\",\"item\":\"https:\\\/\\\/www.ohmypress.fr\\\/\"},{\"@type\":\"ListItem\",\"position\":2,\"name\":\"L\u2019importance de la libert\u00e9 de la presse ?\"}]},{\"@type\":\"WebSite\",\"@id\":\"https:\\\/\\\/www.ohmypress.fr\\\/#website\",\"url\":\"https:\\\/\\\/www.ohmypress.fr\\\/\",\"name\":\"Oh My Press\",\"description\":\"Agence de Relations Presse - Lyon \\\/\\\/ Cailloux-sur-Fontaines\",\"potentialAction\":[{\"@type\":\"SearchAction\",\"target\":{\"@type\":\"EntryPoint\",\"urlTemplate\":\"https:\\\/\\\/www.ohmypress.fr\\\/?s={search_term_string}\"},\"query-input\":{\"@type\":\"PropertyValueSpecification\",\"valueRequired\":true,\"valueName\":\"search_term_string\"}}],\"inLanguage\":\"en-US\"},{\"@type\":\"Person\",\"@id\":\"https:\\\/\\\/www.ohmypress.fr\\\/#\\\/schema\\\/person\\\/cb8bff4191b53d11520612e4eecb0c4e\",\"name\":\"OMC\",\"sameAs\":[\"https:\\\/\\\/nouveau.ohmypress.fr\"],\"url\":\"https:\\\/\\\/www.ohmypress.fr\\\/en\\\/author\\\/omc\\\/\"}]}<\/script>\n<!-- \/ Yoast SEO plugin. -->","yoast_head_json":{"title":"L\u2019importance de la libert\u00e9 de la presse ? - Oh My Press","robots":{"index":"index","follow":"follow","max-snippet":"max-snippet:-1","max-image-preview":"max-image-preview:large","max-video-preview":"max-video-preview:-1"},"canonical":"https:\/\/www.ohmypress.fr\/en\/2024\/04\/18\/limportance-de-la-liberte-de-la-presse\/","og_locale":"en_US","og_type":"article","og_title":"L\u2019importance de la libert\u00e9 de la presse ? - Oh My Press","og_description":"La libert\u00e9 de la presse est bien plus qu'un simple principe ; c'est un pilier fondamental de la d\u00e9mocratie et un garant de la transparence, de la responsabilit\u00e9 et de la libert\u00e9 d'expression. Dans cet article, nous allons explorer l'importance de la libert\u00e9 de la presse dans notre soci\u00e9t\u00e9 et les d\u00e9fis auxquels elle est confront\u00e9e dans le monde d'aujourd'hui.","og_url":"https:\/\/www.ohmypress.fr\/en\/2024\/04\/18\/limportance-de-la-liberte-de-la-presse\/","og_site_name":"Oh My Press","article_published_time":"2024-04-18T09:16:48+00:00","article_modified_time":"2024-04-18T13:09:39+00:00","og_image":[{"width":1280,"height":853,"url":"https:\/\/www.ohmypress.fr\/wp-content\/uploads\/2024\/04\/ohmypress-articles-liberte-presse.jpg","type":"image\/jpeg"}],"author":"OMC","twitter_card":"summary_large_image","twitter_misc":{"Written by":"OMC","Est. reading time":"4 minutes"},"schema":{"@context":"https:\/\/schema.org","@graph":[{"@type":"Article","@id":"https:\/\/www.ohmypress.fr\/2024\/04\/18\/limportance-de-la-liberte-de-la-presse\/#article","isPartOf":{"@id":"https:\/\/www.ohmypress.fr\/2024\/04\/18\/limportance-de-la-liberte-de-la-presse\/"},"author":{"name":"OMC","@id":"https:\/\/www.ohmypress.fr\/#\/schema\/person\/cb8bff4191b53d11520612e4eecb0c4e"},"headline":"L\u2019importance de la libert\u00e9 de la presse ?","datePublished":"2024-04-18T09:16:48+00:00","dateModified":"2024-04-18T13:09:39+00:00","mainEntityOfPage":{"@id":"https:\/\/www.ohmypress.fr\/2024\/04\/18\/limportance-de-la-liberte-de-la-presse\/"},"wordCount":741,"image":{"@id":"https:\/\/www.ohmypress.fr\/2024\/04\/18\/limportance-de-la-liberte-de-la-presse\/#primaryimage"},"thumbnailUrl":"https:\/\/www.ohmypress.fr\/wp-content\/uploads\/2024\/04\/ohmypress-articles-liberte-presse.jpg","articleSection":["Non class\u00e9"],"inLanguage":"en-US"},{"@type":"WebPage","@id":"https:\/\/www.ohmypress.fr\/2024\/04\/18\/limportance-de-la-liberte-de-la-presse\/","url":"https:\/\/www.ohmypress.fr\/2024\/04\/18\/limportance-de-la-liberte-de-la-presse\/","name":"L\u2019importance de la libert\u00e9 de la presse ? - Oh My Press","isPartOf":{"@id":"https:\/\/www.ohmypress.fr\/#website"},"primaryImageOfPage":{"@id":"https:\/\/www.ohmypress.fr\/2024\/04\/18\/limportance-de-la-liberte-de-la-presse\/#primaryimage"},"image":{"@id":"https:\/\/www.ohmypress.fr\/2024\/04\/18\/limportance-de-la-liberte-de-la-presse\/#primaryimage"},"thumbnailUrl":"https:\/\/www.ohmypress.fr\/wp-content\/uploads\/2024\/04\/ohmypress-articles-liberte-presse.jpg","datePublished":"2024-04-18T09:16:48+00:00","dateModified":"2024-04-18T13:09:39+00:00","author":{"@id":"https:\/\/www.ohmypress.fr\/#\/schema\/person\/cb8bff4191b53d11520612e4eecb0c4e"},"breadcrumb":{"@id":"https:\/\/www.ohmypress.fr\/2024\/04\/18\/limportance-de-la-liberte-de-la-presse\/#breadcrumb"},"inLanguage":"en-US","potentialAction":[{"@type":"ReadAction","target":["https:\/\/www.ohmypress.fr\/2024\/04\/18\/limportance-de-la-liberte-de-la-presse\/"]}]},{"@type":"ImageObject","inLanguage":"en-US","@id":"https:\/\/www.ohmypress.fr\/2024\/04\/18\/limportance-de-la-liberte-de-la-presse\/#primaryimage","url":"https:\/\/www.ohmypress.fr\/wp-content\/uploads\/2024\/04\/ohmypress-articles-liberte-presse.jpg","contentUrl":"https:\/\/www.ohmypress.fr\/wp-content\/uploads\/2024\/04\/ohmypress-articles-liberte-presse.jpg","width":1280,"height":853},{"@type":"BreadcrumbList","@id":"https:\/\/www.ohmypress.fr\/2024\/04\/18\/limportance-de-la-liberte-de-la-presse\/#breadcrumb","itemListElement":[{"@type":"ListItem","position":1,"name":"Accueil","item":"https:\/\/www.ohmypress.fr\/"},{"@type":"ListItem","position":2,"name":"L\u2019importance de la libert\u00e9 de la presse ?"}]},{"@type":"WebSite","@id":"https:\/\/www.ohmypress.fr\/#website","url":"https:\/\/www.ohmypress.fr\/","name":"Oh My Press","description":"Agence de Relations Presse - Lyon \/\/ Cailloux-sur-Fontaines","potentialAction":[{"@type":"SearchAction","target":{"@type":"EntryPoint","urlTemplate":"https:\/\/www.ohmypress.fr\/?s={search_term_string}"},"query-input":{"@type":"PropertyValueSpecification","valueRequired":true,"valueName":"search_term_string"}}],"inLanguage":"en-US"},{"@type":"Person","@id":"https:\/\/www.ohmypress.fr\/#\/schema\/person\/cb8bff4191b53d11520612e4eecb0c4e","name":"OMC","sameAs":["https:\/\/nouveau.ohmypress.fr"],"url":"https:\/\/www.ohmypress.fr\/en\/author\/omc\/"}]}},"_links":{"self":[{"href":"https:\/\/www.ohmypress.fr\/en\/wp-json\/wp\/v2\/posts\/12882","targetHints":{"allow":["GET"]}}],"collection":[{"href":"https:\/\/www.ohmypress.fr\/en\/wp-json\/wp\/v2\/posts"}],"about":[{"href":"https:\/\/www.ohmypress.fr\/en\/wp-json\/wp\/v2\/types\/post"}],"author":[{"embeddable":true,"href":"https:\/\/www.ohmypress.fr\/en\/wp-json\/wp\/v2\/users\/1"}],"replies":[{"embeddable":true,"href":"https:\/\/www.ohmypress.fr\/en\/wp-json\/wp\/v2\/comments?post=12882"}],"version-history":[{"count":3,"href":"https:\/\/www.ohmypress.fr\/en\/wp-json\/wp\/v2\/posts\/12882\/revisions"}],"predecessor-version":[{"id":12905,"href":"https:\/\/www.ohmypress.fr\/en\/wp-json\/wp\/v2\/posts\/12882\/revisions\/12905"}],"wp:featuredmedia":[{"embeddable":true,"href":"https:\/\/www.ohmypress.fr\/en\/wp-json\/wp\/v2\/media\/12892"}],"wp:attachment":[{"href":"https:\/\/www.ohmypress.fr\/en\/wp-json\/wp\/v2\/media?parent=12882"}],"wp:term":[{"taxonomy":"category","embeddable":true,"href":"https:\/\/www.ohmypress.fr\/en\/wp-json\/wp\/v2\/categories?post=12882"},{"taxonomy":"post_tag","embeddable":true,"href":"https:\/\/www.ohmypress.fr\/en\/wp-json\/wp\/v2\/tags?post=12882"}],"curies":[{"name":"wp","href":"https:\/\/api.w.org\/{rel}","templated":true}]}}