{"id":12884,"date":"2024-04-18T11:19:25","date_gmt":"2024-04-18T09:19:25","guid":{"rendered":"https:\/\/ohmypress.fr\/?p=12884"},"modified":"2024-04-18T15:08:53","modified_gmt":"2024-04-18T13:08:53","slug":"limpact-des-medias-sociaux-sur-le-journalisme","status":"publish","type":"post","link":"https:\/\/www.ohmypress.fr\/en\/2024\/04\/18\/limpact-des-medias-sociaux-sur-le-journalisme\/","title":{"rendered":"L\u2019impact des m\u00e9dias sociaux sur le journalisme."},"content":{"rendered":"<section class=\"wpb-content-wrapper\"><div class=\"vc_empty_space\"   style=\"height: 12px\"><span class=\"vc_empty_space_inner\"><\/span><\/div>\n\t<div class=\"wpb_text_column wpb_content_element\" >\n\t\t<div class=\"wpb_wrapper\">\n\t\t\t<h2><strong>L\u2019impact des <span style=\"color: #324e8b;\">m\u00e9dias sociaux<\/span> sur le journalisme.<\/strong><\/h2>\n\n\t\t<\/div>\n\t<\/div>\n<div class=\"vc_empty_space\"   style=\"height: 8px\"><span class=\"vc_empty_space_inner\"><\/span><\/div><div class=\"qodef-svg-separator-holder qodef-svg-separator-small\">\n    <div class=\"qodef-svg-separator qodef-svg-frames-class\" data-svg-frames=\"15\" data-svg-drawing=\"yes\" >\n        <svg version=\"1.1\"  xmlns=\"http:\/\/www.w3.org\/2000\/svg\" xmlns:xlink=\"http:\/\/www.w3.org\/1999\/xlink\" x=\"0px\" y=\"0px\"\n            width=\"60px\" height=\"20px\" viewbox=\"0 0 60 20\" enable-background=\"new 0 0 60 20\" xml:space=\"preserve\">\n            <path fill=\"none\" stroke=\"#feea0e\" stroke-width=\"6\" stroke-linecap=\"round\" stroke-miterlimit=\"10\" d=\"M3.188,8.848 C20.521,3.89,38.313,16.66,56.813,9.473\"\/>\n        <\/svg>\n    <\/div>\n<\/div><div class=\"vc_empty_space\"   style=\"height: 14px\"><span class=\"vc_empty_space_inner\"><\/span><\/div>\n<div class=\"qodef-custom-font-holder\" style=\"font-family: Catamaran;font-size: 18px;line-height: 25px;font-weight: 600;letter-spacing: 0px;color: #505d73\" data-font-size= \"18\" data-line-height= \"25\">\n        <\/div>\n\n<!-- \/wp:post-content --><!-- wp:paragraph -->\n\nLes m\u00e9dias sociaux ont r\u00e9volutionn\u00e9 la fa\u00e7on dont nous consommons et partageons l&rsquo;information, transformant profond\u00e9ment le paysage m\u00e9diatique et red\u00e9finissant le r\u00f4le du journalisme dans la soci\u00e9t\u00e9. Dans cet article, nous allons explorer l&rsquo;impact des m\u00e9dias sociaux sur le journalisme, en mettant en lumi\u00e8re les opportunit\u00e9s qu&rsquo;ils offrent ainsi que les d\u00e9fis qu&rsquo;ils posent.\n<h4><strong>Les opportunit\u00e9s des m\u00e9dias sociaux pour le journalisme<\/strong><\/h4>\n<ul>\n \t<li><strong>Diffusion rapide de l&rsquo;information :<\/strong> Les m\u00e9dias sociaux permettent une diffusion instantan\u00e9e et mondiale de l&rsquo;information, permettant aux journalistes de partager des nouvelles en temps r\u00e9el et d&rsquo;atteindre un public plus large et diversifi\u00e9.<\/li>\n \t<li><strong>Engagement du public :<\/strong> Les m\u00e9dias sociaux offrent une plateforme interactive o\u00f9 les journalistes peuvent engager directement avec leur public, en r\u00e9pondant aux questions, en recueillant des opinions et en favorisant le dialogue autour des histoires.<\/li>\n \t<li><strong>Diversit\u00e9 des sources :<\/strong> Les m\u00e9dias sociaux permettent aux journalistes d&rsquo;acc\u00e9der \u00e0 une multitude de sources d&rsquo;information et de points de vue, ce qui enrichit la qualit\u00e9 et la diversit\u00e9 de la couverture m\u00e9diatique.<\/li>\n \t<li><strong>Nouveaux formats de contenu :<\/strong> Les m\u00e9dias sociaux offrent une vari\u00e9t\u00e9 de formats de contenu, tels que les vid\u00e9os en direct, les stories et les infographies, permettant aux journalistes de raconter des histoires de mani\u00e8re plus visuelle et engageante.<\/li>\n<\/ul>\n<h4><strong>Les d\u00e9fis pos\u00e9s par les m\u00e9dias sociaux pour le journalisme<\/strong><\/h4>\n<ul>\n \t<li><strong>Diffusion de fausses informations :<\/strong> Les m\u00e9dias sociaux facilitent la diffusion rapide de fausses informations et de d\u00e9sinformation, ce qui peut compromettre la cr\u00e9dibilit\u00e9 du journalisme et semer la confusion parmi le public.<\/li>\n \t<li><strong>Pressions pour la rapidit\u00e9 :<\/strong> La pression pour la rapidit\u00e9 sur les m\u00e9dias sociaux peut conduire \u00e0 une priorisation de la vitesse sur la pr\u00e9cision, ce qui augmente le risque de diffuser des informations incorrectes ou incompl\u00e8tes.<\/li>\n \t<li><strong>Polarisation et bulles de filtre :<\/strong> Les m\u00e9dias sociaux peuvent renforcer la polarisation et cr\u00e9er des bulles de filtre o\u00f9 les utilisateurs sont expos\u00e9s principalement \u00e0 des points de vue et des opinions qui correspondent \u00e0 leurs propres croyances, ce qui peut compromettre la diversit\u00e9 et l&rsquo;objectivit\u00e9 de l&rsquo;information.<\/li>\n \t<li><strong>Menaces pour la vie priv\u00e9e et la s\u00e9curit\u00e9 :<\/strong> Les m\u00e9dias sociaux pr\u00e9sentent des risques pour la vie priv\u00e9e et la s\u00e9curit\u00e9 des journalistes, exposant parfois leur identit\u00e9 et leurs sources \u00e0 des menaces en ligne.<\/li>\n<\/ul>\n<h4><strong>La n\u00e9cessit\u00e9 d&rsquo;une approche \u00e9quilibr\u00e9e<\/strong><\/h4>\nPour relever ces d\u00e9fis et maximiser les avantages des m\u00e9dias sociaux pour le journalisme, une approche \u00e9quilibr\u00e9e est n\u00e9cessaire. Cela inclut l&rsquo;adoption de normes \u00e9thiques et professionnelles strictes, la formation des journalistes aux comp\u00e9tences en m\u00e9dias sociaux, la v\u00e9rification rigoureuse des faits et la promotion de la transparence et de la responsabilit\u00e9 dans la couverture m\u00e9diatique.\n<h4><strong>Adapter le journalisme \u00e0 l&rsquo;\u00e8re des m\u00e9dias sociaux<\/strong><\/h4>\nEn conclusion, les m\u00e9dias sociaux ont profond\u00e9ment transform\u00e9 le journalisme, offrant \u00e0 la fois des opportunit\u00e9s sans pr\u00e9c\u00e9dent et des d\u00e9fis significatifs. Pour prosp\u00e9rer dans cet environnement en constante \u00e9volution, les journalistes doivent \u00eatre pr\u00eats \u00e0 s&rsquo;adapter, \u00e0 innover et \u00e0 maintenir les normes \u00e9lev\u00e9es de qualit\u00e9, d&rsquo;int\u00e9grit\u00e9 et de responsabilit\u00e9 qui sont au c\u0153ur du m\u00e9tier journalistique. En naviguant avec prudence et en adoptant une approche r\u00e9fl\u00e9chie, le journalisme peut continuer \u00e0 jouer un r\u00f4le crucial dans la d\u00e9mocratie et la soci\u00e9t\u00e9, m\u00eame \u00e0 l&rsquo;\u00e8re des m\u00e9dias sociaux.\n\n<div class=\"vc_row wpb_row vc_row-fluid qodef-section vc_custom_1483618990585 qodef-content-aligment-left\" style=\"\"><div class=\"clearfix qodef-full-section-inner\"><div class=\"wpb_column vc_column_container vc_col-sm-12\"><div class=\"vc_column-inner\"><div class=\"wpb_wrapper\">\t<div class=\"qodef-call-to-action normal\">\n\n\t\t\t\t<div class=\"qodef-container-inner\">\n\t\t\t\t\t<div class=\"qodef-call-to-action-row-75-25 clearfix\" style=\"padding: 51px 0 51px 0;\">\n\t\t\t\t\t\t<div class=\"qodef-text-wrapper qodef-call-to-action-column1 qodef-call-to-action-cell\">\n\t\t\t\t\t\t\t\t\t<div class=\"qodef-call-to-action-text\" >\n<h4 style=\"font-size: 20px; font-weight: 400;\">Vous avez besoin de r\u00e9fl\u00e9chir \u00e0 votre projet de relations presse avec une \u00e9quipe r\u00e9active et sympathique. On discute ensemble ?<\/h4>\n<\/div>\n\t\t\t\t<\/div>\n\n\t\t\t\t\t\t\t\t\t<div class=\"qodef-button-wrapper qodef-call-to-action-column2 qodef-call-to-action-cell\" style =\"text-align: right ;\">\n\t\t\t\t\t\t<a itemprop=\"url\" href=\"https:\/\/www.ohmypress.fr\/en\/contact\/\" target=\"_self\" style=\"color: #ffffff;background-color: #000000;border-color: #000000\" class=\"qodef-btn qodef-btn-large qodef-btn-solid qodef-btn-custom-hover-bg qodef-btn-custom-border-hover qodef-btn-custom-hover-color qodef-btn-hover-sweep\" data-hover-bg-color=\"#324e8b\" data-hover-color=\"#ffffff\" data-hover-border-color=\"#324e8b\"  >    <span class=\"qodef-btn-text\">Prendre Rendez-Vous<\/span>                <span class=\"qodef-hover-background-holder\">\t    \t<span class=\"qodef-hover-background\"><\/span>    \t<\/span>    <\/a>\t\t\t\t\t<\/div>\n\t\t\t\t\t\t\t<\/div>\n\t\t\t\t<\/div>\n\t\t\t<\/div>\n<\/div><\/div><\/div><\/div><\/div>\n\n<!-- \/wp:paragraph --><!-- wp:paragraph -->\n\n<!-- \/wp:paragraph --><!-- wp:paragraph -->\n<p style=\"caret-color: #000000; color: #000000; font-style: normal; letter-spacing: normal; white-space: normal;\"><\/p><\/section>","protected":false},"excerpt":{"rendered":"<p>Les m\u00e9dias sociaux ont r\u00e9volutionn\u00e9 la fa\u00e7on dont nous consommons et partageons l&rsquo;information, transformant profond\u00e9ment le paysage m\u00e9diatique et red\u00e9finissant le r\u00f4le du journalisme dans la soci\u00e9t\u00e9. Dans cet article, nous allons explorer l&rsquo;impact des m\u00e9dias sociaux sur le journalisme, en mettant en lumi\u00e8re les opportunit\u00e9s qu&rsquo;ils offrent ainsi que les d\u00e9fis qu&rsquo;ils posent.<\/p>","protected":false},"author":1,"featured_media":12902,"comment_status":"closed","ping_status":"closed","sticky":false,"template":"","format":"standard","meta":{"_monsterinsights_skip_tracking":false,"_monsterinsights_sitenote_active":false,"_monsterinsights_sitenote_note":"","_monsterinsights_sitenote_category":0,"footnotes":""},"categories":[1],"tags":[],"class_list":["post-12884","post","type-post","status-publish","format-standard","has-post-thumbnail","hentry","category-non-classe"],"yoast_head":"<!-- This site is optimized with the Yoast SEO plugin v27.3 - https:\/\/yoast.com\/product\/yoast-seo-wordpress\/ -->\n<title>L\u2019impact des m\u00e9dias sociaux sur le journalisme. - Oh My Press<\/title>\n<meta name=\"robots\" content=\"index, follow, max-snippet:-1, max-image-preview:large, max-video-preview:-1\" \/>\n<link rel=\"canonical\" href=\"https:\/\/www.ohmypress.fr\/en\/2024\/04\/18\/limpact-des-medias-sociaux-sur-le-journalisme\/\" \/>\n<meta property=\"og:locale\" content=\"en_US\" \/>\n<meta property=\"og:type\" content=\"article\" \/>\n<meta property=\"og:title\" content=\"L\u2019impact des m\u00e9dias sociaux sur le journalisme. - Oh My Press\" \/>\n<meta property=\"og:description\" content=\"Les m\u00e9dias sociaux ont r\u00e9volutionn\u00e9 la fa\u00e7on dont nous consommons et partageons l&#039;information, transformant profond\u00e9ment le paysage m\u00e9diatique et red\u00e9finissant le r\u00f4le du journalisme dans la soci\u00e9t\u00e9. Dans cet article, nous allons explorer l&#039;impact des m\u00e9dias sociaux sur le journalisme, en mettant en lumi\u00e8re les opportunit\u00e9s qu&#039;ils offrent ainsi que les d\u00e9fis qu&#039;ils posent.\" \/>\n<meta property=\"og:url\" content=\"https:\/\/www.ohmypress.fr\/en\/2024\/04\/18\/limpact-des-medias-sociaux-sur-le-journalisme\/\" \/>\n<meta property=\"og:site_name\" content=\"Oh My Press\" \/>\n<meta property=\"article:published_time\" content=\"2024-04-18T09:19:25+00:00\" \/>\n<meta property=\"article:modified_time\" content=\"2024-04-18T13:08:53+00:00\" \/>\n<meta property=\"og:image\" content=\"https:\/\/www.ohmypress.fr\/wp-content\/uploads\/2024\/04\/ohmypress-importance-reseaux-sociaux-relation-press.jpg\" \/>\n\t<meta property=\"og:image:width\" content=\"1280\" \/>\n\t<meta property=\"og:image:height\" content=\"853\" \/>\n\t<meta property=\"og:image:type\" content=\"image\/jpeg\" \/>\n<meta name=\"author\" content=\"OMC\" \/>\n<meta name=\"twitter:card\" content=\"summary_large_image\" \/>\n<meta name=\"twitter:label1\" content=\"Written by\" \/>\n\t<meta name=\"twitter:data1\" content=\"OMC\" \/>\n\t<meta name=\"twitter:label2\" content=\"Est. reading time\" \/>\n\t<meta name=\"twitter:data2\" content=\"4 minutes\" \/>\n<script type=\"application\/ld+json\" class=\"yoast-schema-graph\">{\"@context\":\"https:\\\/\\\/schema.org\",\"@graph\":[{\"@type\":\"Article\",\"@id\":\"https:\\\/\\\/www.ohmypress.fr\\\/2024\\\/04\\\/18\\\/limpact-des-medias-sociaux-sur-le-journalisme\\\/#article\",\"isPartOf\":{\"@id\":\"https:\\\/\\\/www.ohmypress.fr\\\/2024\\\/04\\\/18\\\/limpact-des-medias-sociaux-sur-le-journalisme\\\/\"},\"author\":{\"name\":\"OMC\",\"@id\":\"https:\\\/\\\/www.ohmypress.fr\\\/#\\\/schema\\\/person\\\/cb8bff4191b53d11520612e4eecb0c4e\"},\"headline\":\"L\u2019impact des m\u00e9dias sociaux sur le journalisme.\",\"datePublished\":\"2024-04-18T09:19:25+00:00\",\"dateModified\":\"2024-04-18T13:08:53+00:00\",\"mainEntityOfPage\":{\"@id\":\"https:\\\/\\\/www.ohmypress.fr\\\/2024\\\/04\\\/18\\\/limpact-des-medias-sociaux-sur-le-journalisme\\\/\"},\"wordCount\":774,\"image\":{\"@id\":\"https:\\\/\\\/www.ohmypress.fr\\\/2024\\\/04\\\/18\\\/limpact-des-medias-sociaux-sur-le-journalisme\\\/#primaryimage\"},\"thumbnailUrl\":\"https:\\\/\\\/www.ohmypress.fr\\\/wp-content\\\/uploads\\\/2024\\\/04\\\/ohmypress-importance-reseaux-sociaux-relation-press.jpg\",\"articleSection\":[\"Non class\u00e9\"],\"inLanguage\":\"en-US\"},{\"@type\":\"WebPage\",\"@id\":\"https:\\\/\\\/www.ohmypress.fr\\\/2024\\\/04\\\/18\\\/limpact-des-medias-sociaux-sur-le-journalisme\\\/\",\"url\":\"https:\\\/\\\/www.ohmypress.fr\\\/2024\\\/04\\\/18\\\/limpact-des-medias-sociaux-sur-le-journalisme\\\/\",\"name\":\"L\u2019impact des m\u00e9dias sociaux sur le journalisme. - Oh My Press\",\"isPartOf\":{\"@id\":\"https:\\\/\\\/www.ohmypress.fr\\\/#website\"},\"primaryImageOfPage\":{\"@id\":\"https:\\\/\\\/www.ohmypress.fr\\\/2024\\\/04\\\/18\\\/limpact-des-medias-sociaux-sur-le-journalisme\\\/#primaryimage\"},\"image\":{\"@id\":\"https:\\\/\\\/www.ohmypress.fr\\\/2024\\\/04\\\/18\\\/limpact-des-medias-sociaux-sur-le-journalisme\\\/#primaryimage\"},\"thumbnailUrl\":\"https:\\\/\\\/www.ohmypress.fr\\\/wp-content\\\/uploads\\\/2024\\\/04\\\/ohmypress-importance-reseaux-sociaux-relation-press.jpg\",\"datePublished\":\"2024-04-18T09:19:25+00:00\",\"dateModified\":\"2024-04-18T13:08:53+00:00\",\"author\":{\"@id\":\"https:\\\/\\\/www.ohmypress.fr\\\/#\\\/schema\\\/person\\\/cb8bff4191b53d11520612e4eecb0c4e\"},\"breadcrumb\":{\"@id\":\"https:\\\/\\\/www.ohmypress.fr\\\/2024\\\/04\\\/18\\\/limpact-des-medias-sociaux-sur-le-journalisme\\\/#breadcrumb\"},\"inLanguage\":\"en-US\",\"potentialAction\":[{\"@type\":\"ReadAction\",\"target\":[\"https:\\\/\\\/www.ohmypress.fr\\\/2024\\\/04\\\/18\\\/limpact-des-medias-sociaux-sur-le-journalisme\\\/\"]}]},{\"@type\":\"ImageObject\",\"inLanguage\":\"en-US\",\"@id\":\"https:\\\/\\\/www.ohmypress.fr\\\/2024\\\/04\\\/18\\\/limpact-des-medias-sociaux-sur-le-journalisme\\\/#primaryimage\",\"url\":\"https:\\\/\\\/www.ohmypress.fr\\\/wp-content\\\/uploads\\\/2024\\\/04\\\/ohmypress-importance-reseaux-sociaux-relation-press.jpg\",\"contentUrl\":\"https:\\\/\\\/www.ohmypress.fr\\\/wp-content\\\/uploads\\\/2024\\\/04\\\/ohmypress-importance-reseaux-sociaux-relation-press.jpg\",\"width\":1280,\"height\":853},{\"@type\":\"BreadcrumbList\",\"@id\":\"https:\\\/\\\/www.ohmypress.fr\\\/2024\\\/04\\\/18\\\/limpact-des-medias-sociaux-sur-le-journalisme\\\/#breadcrumb\",\"itemListElement\":[{\"@type\":\"ListItem\",\"position\":1,\"name\":\"Accueil\",\"item\":\"https:\\\/\\\/www.ohmypress.fr\\\/\"},{\"@type\":\"ListItem\",\"position\":2,\"name\":\"L\u2019impact des m\u00e9dias sociaux sur le journalisme.\"}]},{\"@type\":\"WebSite\",\"@id\":\"https:\\\/\\\/www.ohmypress.fr\\\/#website\",\"url\":\"https:\\\/\\\/www.ohmypress.fr\\\/\",\"name\":\"Oh My Press\",\"description\":\"Agence de Relations Presse - Lyon \\\/\\\/ Cailloux-sur-Fontaines\",\"potentialAction\":[{\"@type\":\"SearchAction\",\"target\":{\"@type\":\"EntryPoint\",\"urlTemplate\":\"https:\\\/\\\/www.ohmypress.fr\\\/?s={search_term_string}\"},\"query-input\":{\"@type\":\"PropertyValueSpecification\",\"valueRequired\":true,\"valueName\":\"search_term_string\"}}],\"inLanguage\":\"en-US\"},{\"@type\":\"Person\",\"@id\":\"https:\\\/\\\/www.ohmypress.fr\\\/#\\\/schema\\\/person\\\/cb8bff4191b53d11520612e4eecb0c4e\",\"name\":\"OMC\",\"sameAs\":[\"https:\\\/\\\/nouveau.ohmypress.fr\"],\"url\":\"https:\\\/\\\/www.ohmypress.fr\\\/en\\\/author\\\/omc\\\/\"}]}<\/script>\n<!-- \/ Yoast SEO plugin. -->","yoast_head_json":{"title":"L\u2019impact des m\u00e9dias sociaux sur le journalisme. - Oh My Press","robots":{"index":"index","follow":"follow","max-snippet":"max-snippet:-1","max-image-preview":"max-image-preview:large","max-video-preview":"max-video-preview:-1"},"canonical":"https:\/\/www.ohmypress.fr\/en\/2024\/04\/18\/limpact-des-medias-sociaux-sur-le-journalisme\/","og_locale":"en_US","og_type":"article","og_title":"L\u2019impact des m\u00e9dias sociaux sur le journalisme. - Oh My Press","og_description":"Les m\u00e9dias sociaux ont r\u00e9volutionn\u00e9 la fa\u00e7on dont nous consommons et partageons l'information, transformant profond\u00e9ment le paysage m\u00e9diatique et red\u00e9finissant le r\u00f4le du journalisme dans la soci\u00e9t\u00e9. Dans cet article, nous allons explorer l'impact des m\u00e9dias sociaux sur le journalisme, en mettant en lumi\u00e8re les opportunit\u00e9s qu'ils offrent ainsi que les d\u00e9fis qu'ils posent.","og_url":"https:\/\/www.ohmypress.fr\/en\/2024\/04\/18\/limpact-des-medias-sociaux-sur-le-journalisme\/","og_site_name":"Oh My Press","article_published_time":"2024-04-18T09:19:25+00:00","article_modified_time":"2024-04-18T13:08:53+00:00","og_image":[{"width":1280,"height":853,"url":"https:\/\/www.ohmypress.fr\/wp-content\/uploads\/2024\/04\/ohmypress-importance-reseaux-sociaux-relation-press.jpg","type":"image\/jpeg"}],"author":"OMC","twitter_card":"summary_large_image","twitter_misc":{"Written by":"OMC","Est. reading time":"4 minutes"},"schema":{"@context":"https:\/\/schema.org","@graph":[{"@type":"Article","@id":"https:\/\/www.ohmypress.fr\/2024\/04\/18\/limpact-des-medias-sociaux-sur-le-journalisme\/#article","isPartOf":{"@id":"https:\/\/www.ohmypress.fr\/2024\/04\/18\/limpact-des-medias-sociaux-sur-le-journalisme\/"},"author":{"name":"OMC","@id":"https:\/\/www.ohmypress.fr\/#\/schema\/person\/cb8bff4191b53d11520612e4eecb0c4e"},"headline":"L\u2019impact des m\u00e9dias sociaux sur le journalisme.","datePublished":"2024-04-18T09:19:25+00:00","dateModified":"2024-04-18T13:08:53+00:00","mainEntityOfPage":{"@id":"https:\/\/www.ohmypress.fr\/2024\/04\/18\/limpact-des-medias-sociaux-sur-le-journalisme\/"},"wordCount":774,"image":{"@id":"https:\/\/www.ohmypress.fr\/2024\/04\/18\/limpact-des-medias-sociaux-sur-le-journalisme\/#primaryimage"},"thumbnailUrl":"https:\/\/www.ohmypress.fr\/wp-content\/uploads\/2024\/04\/ohmypress-importance-reseaux-sociaux-relation-press.jpg","articleSection":["Non class\u00e9"],"inLanguage":"en-US"},{"@type":"WebPage","@id":"https:\/\/www.ohmypress.fr\/2024\/04\/18\/limpact-des-medias-sociaux-sur-le-journalisme\/","url":"https:\/\/www.ohmypress.fr\/2024\/04\/18\/limpact-des-medias-sociaux-sur-le-journalisme\/","name":"L\u2019impact des m\u00e9dias sociaux sur le journalisme. - Oh My Press","isPartOf":{"@id":"https:\/\/www.ohmypress.fr\/#website"},"primaryImageOfPage":{"@id":"https:\/\/www.ohmypress.fr\/2024\/04\/18\/limpact-des-medias-sociaux-sur-le-journalisme\/#primaryimage"},"image":{"@id":"https:\/\/www.ohmypress.fr\/2024\/04\/18\/limpact-des-medias-sociaux-sur-le-journalisme\/#primaryimage"},"thumbnailUrl":"https:\/\/www.ohmypress.fr\/wp-content\/uploads\/2024\/04\/ohmypress-importance-reseaux-sociaux-relation-press.jpg","datePublished":"2024-04-18T09:19:25+00:00","dateModified":"2024-04-18T13:08:53+00:00","author":{"@id":"https:\/\/www.ohmypress.fr\/#\/schema\/person\/cb8bff4191b53d11520612e4eecb0c4e"},"breadcrumb":{"@id":"https:\/\/www.ohmypress.fr\/2024\/04\/18\/limpact-des-medias-sociaux-sur-le-journalisme\/#breadcrumb"},"inLanguage":"en-US","potentialAction":[{"@type":"ReadAction","target":["https:\/\/www.ohmypress.fr\/2024\/04\/18\/limpact-des-medias-sociaux-sur-le-journalisme\/"]}]},{"@type":"ImageObject","inLanguage":"en-US","@id":"https:\/\/www.ohmypress.fr\/2024\/04\/18\/limpact-des-medias-sociaux-sur-le-journalisme\/#primaryimage","url":"https:\/\/www.ohmypress.fr\/wp-content\/uploads\/2024\/04\/ohmypress-importance-reseaux-sociaux-relation-press.jpg","contentUrl":"https:\/\/www.ohmypress.fr\/wp-content\/uploads\/2024\/04\/ohmypress-importance-reseaux-sociaux-relation-press.jpg","width":1280,"height":853},{"@type":"BreadcrumbList","@id":"https:\/\/www.ohmypress.fr\/2024\/04\/18\/limpact-des-medias-sociaux-sur-le-journalisme\/#breadcrumb","itemListElement":[{"@type":"ListItem","position":1,"name":"Accueil","item":"https:\/\/www.ohmypress.fr\/"},{"@type":"ListItem","position":2,"name":"L\u2019impact des m\u00e9dias sociaux sur le journalisme."}]},{"@type":"WebSite","@id":"https:\/\/www.ohmypress.fr\/#website","url":"https:\/\/www.ohmypress.fr\/","name":"Oh My Press","description":"Agence de Relations Presse - Lyon \/\/ Cailloux-sur-Fontaines","potentialAction":[{"@type":"SearchAction","target":{"@type":"EntryPoint","urlTemplate":"https:\/\/www.ohmypress.fr\/?s={search_term_string}"},"query-input":{"@type":"PropertyValueSpecification","valueRequired":true,"valueName":"search_term_string"}}],"inLanguage":"en-US"},{"@type":"Person","@id":"https:\/\/www.ohmypress.fr\/#\/schema\/person\/cb8bff4191b53d11520612e4eecb0c4e","name":"OMC","sameAs":["https:\/\/nouveau.ohmypress.fr"],"url":"https:\/\/www.ohmypress.fr\/en\/author\/omc\/"}]}},"_links":{"self":[{"href":"https:\/\/www.ohmypress.fr\/en\/wp-json\/wp\/v2\/posts\/12884","targetHints":{"allow":["GET"]}}],"collection":[{"href":"https:\/\/www.ohmypress.fr\/en\/wp-json\/wp\/v2\/posts"}],"about":[{"href":"https:\/\/www.ohmypress.fr\/en\/wp-json\/wp\/v2\/types\/post"}],"author":[{"embeddable":true,"href":"https:\/\/www.ohmypress.fr\/en\/wp-json\/wp\/v2\/users\/1"}],"replies":[{"embeddable":true,"href":"https:\/\/www.ohmypress.fr\/en\/wp-json\/wp\/v2\/comments?post=12884"}],"version-history":[{"count":4,"href":"https:\/\/www.ohmypress.fr\/en\/wp-json\/wp\/v2\/posts\/12884\/revisions"}],"predecessor-version":[{"id":12903,"href":"https:\/\/www.ohmypress.fr\/en\/wp-json\/wp\/v2\/posts\/12884\/revisions\/12903"}],"wp:featuredmedia":[{"embeddable":true,"href":"https:\/\/www.ohmypress.fr\/en\/wp-json\/wp\/v2\/media\/12902"}],"wp:attachment":[{"href":"https:\/\/www.ohmypress.fr\/en\/wp-json\/wp\/v2\/media?parent=12884"}],"wp:term":[{"taxonomy":"category","embeddable":true,"href":"https:\/\/www.ohmypress.fr\/en\/wp-json\/wp\/v2\/categories?post=12884"},{"taxonomy":"post_tag","embeddable":true,"href":"https:\/\/www.ohmypress.fr\/en\/wp-json\/wp\/v2\/tags?post=12884"}],"curies":[{"name":"wp","href":"https:\/\/api.w.org\/{rel}","templated":true}]}}